{"id":39893,"date":"2026-09-03T10:34:45","date_gmt":"2026-09-03T08:34:45","guid":{"rendered":"https:\/\/circuitodejerez.com\/2026\/09\/03\/confirmadas-las-fechas-de-pre-temporada-del-motogp\/"},"modified":"2026-09-03T10:36:47","modified_gmt":"2026-09-03T08:36:47","slug":"confirmadas-las-fechas-de-pre-temporada-del-motogp","status":"publish","type":"post","link":"https:\/\/circuitodejerez.com\/en\/2026\/09\/03\/confirmadas-las-fechas-de-pre-temporada-del-motogp\/","title":{"rendered":"Confirmadas las fechas de pre temporada del MotoGP"},"content":{"rendered":"<p><img loading=\"lazy\" decoding=\"async\" style=\"display:none;\" class=\"alignnone size-medium\" src=\"https:\/\/gestorapp.circuitoangelnieto.com\/\/uploads\/noticias\/noticia_337.jpg\" width=\"600\" height=\"409\" \/>Jerez ser\u00e1 el escenario \u00fanico de pruebas pre temporada para las categor\u00edas de Moto2 y Moto3<\/p>\n<p><b>3 de septiembre de 2026.<\/b> MotoGP inicia una nueva era en 2027 y ya se pueden confirmar las fechas de los primeros entrenamientos en pista de la temporada. Habr\u00e1 dos test de pretemporada antes de que R\u00edo de Janeiro acoja la presentaci\u00f3n de la temporada el 21 de febrero. Despu\u00e9s llegar\u00e1 el primer Gran Premio del a\u00f1o, con el GP de Tailandia, que se disputar\u00e1 en Buriram del 5 al 7 de marzo.<\/p>\n<p>El Shakedown Test, reservado a los pilotos probadores de f\u00e1brica y los rookies, tendr\u00e1 lugar en el Petronas Sepang International Circuit del 29 al 30 de enero. Este a\u00f1o se celebrar\u00e1 justo antes del primer Test Oficial de la temporada para todos los pilotos, el Sepang Test, que tendr\u00e1 lugar los d\u00edas 31 de enero y 1 de febrero. Ser\u00e1n dos d\u00edas de actividad en cada evento en 2027.<\/p>\n<p>Despu\u00e9s, el paddock se desplazar\u00e1 hasta Buriram, en Tailandia, para el segundo Test Oficial de dos d\u00edas, que se celebrar\u00e1 el 6 y 7 de febrero.<br \/>MotoGP se desplazar\u00e1 hacia el oeste para la presentaci\u00f3n de la temporada, con Brasil como escenario de la edici\u00f3n de 2027. La playa de Botafogo, en R\u00edo de Janeiro, ofrecer\u00e1 un tel\u00f3n de fondo incomparable para el evento estrella, llevando MotoGP al coraz\u00f3n de una de las ciudades m\u00e1s emblem\u00e1ticas del mundo el 21 de febrero.<\/p>\n<p>Este es el calendario completo:<\/p>\n<p>\u2022  SHAKEDOWN TEST: 29 &#8211; 30 DE ENERO<br \/>\u2022  SEPANG TEST: 31 DE ENERO &#8211; 1 DE FEBRERO<br \/>\u2022  BURIRAM TEST: 6 &#8211; 7 DE FEBRERO<br \/>\u2022  SEASON LAUNCH: 21 DE FEBRERO<\/p>\n<p>Todo ello estar\u00e1 precedido por el primer vistazo a la nueva era: el Test de Valencia, que tendr\u00e1 lugar el 1 de diciembre de 2026. All\u00ed, las nuevas alineaciones de pilotos saldr\u00e1n a pista por primera vez con sus nuevas m\u00e1quinas de 850cc.<\/p>\n<p><b>Confirmada en Jerez la pretemporada de Moto2\u2122 y Moto3\u2122<\/b><\/p>\n<p>Tambi\u00e9n se pueden confirmar los test de pretemporada de Moto2 y Moto3. En Moto2 habr\u00e1 un test privado y otro Oficial, mientras que Moto3 contar\u00e1 con un \u00fanico Test Oficial.<\/p>\n<p>En 2027, todos ellos se celebrar\u00e1n en el Circuito de Jerez-\u00c1ngel Nieto para ambas categor\u00edas:<\/p>\n<p>\u2022  MOTO2 TEST PRIVADO: 16 &#8211; 17 DE FEBRERO<br \/>\u2022  MOTO3 TEST OFICIAL: 18 &#8211; 19 DE FEBRERO<br \/>\u2022  MOTO2 TEST OFICIAL: 20 &#8211; 21 DE FEBRERO<\/p>\n<p>Fuente: MotoGP<\/p>","protected":false},"excerpt":{"rendered":"<p>Jerez ser\u00e1 el escenario \u00fanico de pruebas pre temporada para las categor\u00edas de Moto2 y Moto3 3 de septiembre de<\/p>","protected":false},"author":1,"featured_media":39894,"comment_status":"closed","ping_status":"","sticky":false,"template":"","format":"standard","meta":{"footnotes":""},"categories":[2],"tags":[],"class_list":["post-39893","post","type-post","status-publish","format-standard","has-post-thumbnail","hentry","category-noticias"],"yoast_head":"<!-- This site is optimized with the Yoast SEO plugin v22.5 - https:\/\/yoast.com\/wordpress\/plugins\/seo\/ -->\n<title>Confirmadas las fechas de pre temporada del MotoGP - Circuito de Jerez \u00c1ngel Nieto<\/title>\n<meta name=\"robots\" content=\"index, follow, max-snippet:-1, max-image-preview:large, max-video-preview:-1\" \/>\n<link rel=\"canonical\" href=\"https:\/\/circuitodejerez.com\/en\/2026\/09\/03\/confirmadas-las-fechas-de-pre-temporada-del-motogp\/\" \/>\n<meta property=\"og:locale\" content=\"en_GB\" \/>\n<meta property=\"og:type\" content=\"article\" \/>\n<meta property=\"og:title\" content=\"Confirmadas las fechas de pre temporada del MotoGP - Circuito de Jerez \u00c1ngel Nieto\" \/>\n<meta property=\"og:description\" content=\"Jerez ser\u00e1 el escenario \u00fanico de pruebas pre temporada para las categor\u00edas de Moto2 y Moto3 3 de septiembre de\" \/>\n<meta property=\"og:url\" content=\"https:\/\/circuitodejerez.com\/en\/2026\/09\/03\/confirmadas-las-fechas-de-pre-temporada-del-motogp\/\" \/>\n<meta property=\"og:site_name\" content=\"Circuito de Jerez \u00c1ngel Nieto\" \/>\n<meta property=\"article:publisher\" content=\"https:\/\/www.facebook.com\/circuitodejerezangelnieto\/\" \/>\n<meta property=\"article:published_time\" content=\"2026-09-03T08:34:45+00:00\" \/>\n<meta property=\"article:modified_time\" content=\"2026-09-03T08:36:47+00:00\" \/>\n<meta property=\"og:image\" content=\"https:\/\/circuitodejerez.com\/wp-content\/uploads\/2026\/09\/noticia_337-scaled.jpg\" \/>\n\t<meta property=\"og:image:width\" content=\"2560\" \/>\n\t<meta property=\"og:image:height\" content=\"1707\" \/>\n\t<meta property=\"og:image:type\" content=\"image\/jpeg\" \/>\n<meta name=\"author\" content=\"publyland\" \/>\n<meta name=\"twitter:card\" content=\"summary_large_image\" \/>\n<meta name=\"twitter:creator\" content=\"@circuitodejerez\" \/>\n<meta name=\"twitter:site\" content=\"@circuitodejerez\" \/>\n<meta name=\"twitter:label1\" content=\"Written by\" \/>\n\t<meta name=\"twitter:data1\" content=\"publyland\" \/>\n\t<meta name=\"twitter:label2\" content=\"Estimated reading time\" \/>\n\t<meta name=\"twitter:data2\" content=\"2 minutes\" \/>\n<script type=\"application\/ld+json\" class=\"yoast-schema-graph\">{\"@context\":\"https:\/\/schema.org\",\"@graph\":[{\"@type\":\"Article\",\"@id\":\"https:\/\/circuitodejerez.com\/2026\/09\/03\/confirmadas-las-fechas-de-pre-temporada-del-motogp\/#article\",\"isPartOf\":{\"@id\":\"https:\/\/circuitodejerez.com\/2026\/09\/03\/confirmadas-las-fechas-de-pre-temporada-del-motogp\/\"},\"author\":{\"name\":\"publyland\",\"@id\":\"https:\/\/circuitodejerez.com\/#\/schema\/person\/7426c66afad35f522814eb06fb2e213a\"},\"headline\":\"Confirmadas las fechas de pre temporada del MotoGP\",\"datePublished\":\"2026-09-03T08:34:45+00:00\",\"dateModified\":\"2026-09-03T08:36:47+00:00\",\"mainEntityOfPage\":{\"@id\":\"https:\/\/circuitodejerez.com\/2026\/09\/03\/confirmadas-las-fechas-de-pre-temporada-del-motogp\/\"},\"wordCount\":398,\"publisher\":{\"@id\":\"https:\/\/circuitodejerez.com\/#organization\"},\"image\":{\"@id\":\"https:\/\/circuitodejerez.com\/2026\/09\/03\/confirmadas-las-fechas-de-pre-temporada-del-motogp\/#primaryimage\"},\"thumbnailUrl\":\"https:\/\/circuitodejerez.com\/wp-content\/uploads\/2026\/09\/noticia_337-scaled.jpg\",\"articleSection\":[\"Noticias\"],\"inLanguage\":\"en-GB\"},{\"@type\":\"WebPage\",\"@id\":\"https:\/\/circuitodejerez.com\/2026\/09\/03\/confirmadas-las-fechas-de-pre-temporada-del-motogp\/\",\"url\":\"https:\/\/circuitodejerez.com\/2026\/09\/03\/confirmadas-las-fechas-de-pre-temporada-del-motogp\/\",\"name\":\"Confirmadas las fechas de pre temporada del MotoGP - Circuito de Jerez \u00c1ngel Nieto\",\"isPartOf\":{\"@id\":\"https:\/\/circuitodejerez.com\/#website\"},\"primaryImageOfPage\":{\"@id\":\"https:\/\/circuitodejerez.com\/2026\/09\/03\/confirmadas-las-fechas-de-pre-temporada-del-motogp\/#primaryimage\"},\"image\":{\"@id\":\"https:\/\/circuitodejerez.com\/2026\/09\/03\/confirmadas-las-fechas-de-pre-temporada-del-motogp\/#primaryimage\"},\"thumbnailUrl\":\"https:\/\/circuitodejerez.com\/wp-content\/uploads\/2026\/09\/noticia_337-scaled.jpg\",\"datePublished\":\"2026-09-03T08:34:45+00:00\",\"dateModified\":\"2026-09-03T08:36:47+00:00\",\"breadcrumb\":{\"@id\":\"https:\/\/circuitodejerez.com\/2026\/09\/03\/confirmadas-las-fechas-de-pre-temporada-del-motogp\/#breadcrumb\"},\"inLanguage\":\"en-GB\",\"potentialAction\":[{\"@type\":\"ReadAction\",\"target\":[\"https:\/\/circuitodejerez.com\/2026\/09\/03\/confirmadas-las-fechas-de-pre-temporada-del-motogp\/\"]}]},{\"@type\":\"ImageObject\",\"inLanguage\":\"en-GB\",\"@id\":\"https:\/\/circuitodejerez.com\/2026\/09\/03\/confirmadas-las-fechas-de-pre-temporada-del-motogp\/#primaryimage\",\"url\":\"https:\/\/circuitodejerez.com\/wp-content\/uploads\/2026\/09\/noticia_337-scaled.jpg\",\"contentUrl\":\"https:\/\/circuitodejerez.com\/wp-content\/uploads\/2026\/09\/noticia_337-scaled.jpg\",\"width\":2560,\"height\":1707},{\"@type\":\"BreadcrumbList\",\"@id\":\"https:\/\/circuitodejerez.com\/2026\/09\/03\/confirmadas-las-fechas-de-pre-temporada-del-motogp\/#breadcrumb\",\"itemListElement\":[{\"@type\":\"ListItem\",\"position\":1,\"name\":\"Portada\",\"item\":\"https:\/\/circuitodejerez.com\/\"},{\"@type\":\"ListItem\",\"position\":2,\"name\":\"Confirmadas las fechas de pre temporada del MotoGP\"}]},{\"@type\":\"WebSite\",\"@id\":\"https:\/\/circuitodejerez.com\/#website\",\"url\":\"https:\/\/circuitodejerez.com\/\",\"name\":\"Circuito de Jerez \u00c1ngel Nieto\",\"description\":\"Circuito de Jerez \u00c1ngel Nieto\",\"publisher\":{\"@id\":\"https:\/\/circuitodejerez.com\/#organization\"},\"potentialAction\":[{\"@type\":\"SearchAction\",\"target\":{\"@type\":\"EntryPoint\",\"urlTemplate\":\"https:\/\/circuitodejerez.com\/?s={search_term_string}\"},\"query-input\":\"required name=search_term_string\"}],\"inLanguage\":\"en-GB\"},{\"@type\":\"Organization\",\"@id\":\"https:\/\/circuitodejerez.com\/#organization\",\"name\":\"Circuito de Jerez \u00c1ngel Nieto\",\"url\":\"https:\/\/circuitodejerez.com\/\",\"logo\":{\"@type\":\"ImageObject\",\"inLanguage\":\"en-GB\",\"@id\":\"https:\/\/circuitodejerez.com\/#\/schema\/logo\/image\/\",\"url\":\"https:\/\/circuitodejerez.com\/wp-content\/uploads\/2023\/06\/logo-circuito-jerez.png\",\"contentUrl\":\"https:\/\/circuitodejerez.com\/wp-content\/uploads\/2023\/06\/logo-circuito-jerez.png\",\"width\":556,\"height\":142,\"caption\":\"Circuito de Jerez \u00c1ngel Nieto\"},\"image\":{\"@id\":\"https:\/\/circuitodejerez.com\/#\/schema\/logo\/image\/\"},\"sameAs\":[\"https:\/\/www.facebook.com\/circuitodejerezangelnieto\/\",\"https:\/\/x.com\/circuitodejerez\",\"https:\/\/www.instagram.com\/circuito_de_jerez\/?hl=es\",\"https:\/\/www.youtube.com\/user\/cirjesa\"]},{\"@type\":\"Person\",\"@id\":\"https:\/\/circuitodejerez.com\/#\/schema\/person\/7426c66afad35f522814eb06fb2e213a\",\"name\":\"publyland\",\"sameAs\":[\"https:\/\/circuitoangelnieto.com\"],\"url\":\"https:\/\/circuitodejerez.com\/en\/author\/publyland\/\"}]}<\/script>\n<!-- \/ Yoast SEO plugin. -->","yoast_head_json":{"title":"Confirmadas las fechas de pre temporada del MotoGP - Circuito de Jerez \u00c1ngel Nieto","robots":{"index":"index","follow":"follow","max-snippet":"max-snippet:-1","max-image-preview":"max-image-preview:large","max-video-preview":"max-video-preview:-1"},"canonical":"https:\/\/circuitodejerez.com\/en\/2026\/09\/03\/confirmadas-las-fechas-de-pre-temporada-del-motogp\/","og_locale":"en_GB","og_type":"article","og_title":"Confirmadas las fechas de pre temporada del MotoGP - Circuito de Jerez \u00c1ngel Nieto","og_description":"Jerez ser\u00e1 el escenario \u00fanico de pruebas pre temporada para las categor\u00edas de Moto2 y Moto3 3 de septiembre de","og_url":"https:\/\/circuitodejerez.com\/en\/2026\/09\/03\/confirmadas-las-fechas-de-pre-temporada-del-motogp\/","og_site_name":"Circuito de Jerez \u00c1ngel Nieto","article_publisher":"https:\/\/www.facebook.com\/circuitodejerezangelnieto\/","article_published_time":"2026-09-03T08:34:45+00:00","article_modified_time":"2026-09-03T08:36:47+00:00","og_image":[{"width":2560,"height":1707,"url":"https:\/\/circuitodejerez.com\/wp-content\/uploads\/2026\/09\/noticia_337-scaled.jpg","type":"image\/jpeg"}],"author":"publyland","twitter_card":"summary_large_image","twitter_creator":"@circuitodejerez","twitter_site":"@circuitodejerez","twitter_misc":{"Written by":"publyland","Estimated reading time":"2 minutes"},"schema":{"@context":"https:\/\/schema.org","@graph":[{"@type":"Article","@id":"https:\/\/circuitodejerez.com\/2026\/09\/03\/confirmadas-las-fechas-de-pre-temporada-del-motogp\/#article","isPartOf":{"@id":"https:\/\/circuitodejerez.com\/2026\/09\/03\/confirmadas-las-fechas-de-pre-temporada-del-motogp\/"},"author":{"name":"publyland","@id":"https:\/\/circuitodejerez.com\/#\/schema\/person\/7426c66afad35f522814eb06fb2e213a"},"headline":"Confirmadas las fechas de pre temporada del MotoGP","datePublished":"2026-09-03T08:34:45+00:00","dateModified":"2026-09-03T08:36:47+00:00","mainEntityOfPage":{"@id":"https:\/\/circuitodejerez.com\/2026\/09\/03\/confirmadas-las-fechas-de-pre-temporada-del-motogp\/"},"wordCount":398,"publisher":{"@id":"https:\/\/circuitodejerez.com\/#organization"},"image":{"@id":"https:\/\/circuitodejerez.com\/2026\/09\/03\/confirmadas-las-fechas-de-pre-temporada-del-motogp\/#primaryimage"},"thumbnailUrl":"https:\/\/circuitodejerez.com\/wp-content\/uploads\/2026\/09\/noticia_337-scaled.jpg","articleSection":["Noticias"],"inLanguage":"en-GB"},{"@type":"WebPage","@id":"https:\/\/circuitodejerez.com\/2026\/09\/03\/confirmadas-las-fechas-de-pre-temporada-del-motogp\/","url":"https:\/\/circuitodejerez.com\/2026\/09\/03\/confirmadas-las-fechas-de-pre-temporada-del-motogp\/","name":"Confirmadas las fechas de pre temporada del MotoGP - Circuito de Jerez \u00c1ngel Nieto","isPartOf":{"@id":"https:\/\/circuitodejerez.com\/#website"},"primaryImageOfPage":{"@id":"https:\/\/circuitodejerez.com\/2026\/09\/03\/confirmadas-las-fechas-de-pre-temporada-del-motogp\/#primaryimage"},"image":{"@id":"https:\/\/circuitodejerez.com\/2026\/09\/03\/confirmadas-las-fechas-de-pre-temporada-del-motogp\/#primaryimage"},"thumbnailUrl":"https:\/\/circuitodejerez.com\/wp-content\/uploads\/2026\/09\/noticia_337-scaled.jpg","datePublished":"2026-09-03T08:34:45+00:00","dateModified":"2026-09-03T08:36:47+00:00","breadcrumb":{"@id":"https:\/\/circuitodejerez.com\/2026\/09\/03\/confirmadas-las-fechas-de-pre-temporada-del-motogp\/#breadcrumb"},"inLanguage":"en-GB","potentialAction":[{"@type":"ReadAction","target":["https:\/\/circuitodejerez.com\/2026\/09\/03\/confirmadas-las-fechas-de-pre-temporada-del-motogp\/"]}]},{"@type":"ImageObject","inLanguage":"en-GB","@id":"https:\/\/circuitodejerez.com\/2026\/09\/03\/confirmadas-las-fechas-de-pre-temporada-del-motogp\/#primaryimage","url":"https:\/\/circuitodejerez.com\/wp-content\/uploads\/2026\/09\/noticia_337-scaled.jpg","contentUrl":"https:\/\/circuitodejerez.com\/wp-content\/uploads\/2026\/09\/noticia_337-scaled.jpg","width":2560,"height":1707},{"@type":"BreadcrumbList","@id":"https:\/\/circuitodejerez.com\/2026\/09\/03\/confirmadas-las-fechas-de-pre-temporada-del-motogp\/#breadcrumb","itemListElement":[{"@type":"ListItem","position":1,"name":"Portada","item":"https:\/\/circuitodejerez.com\/"},{"@type":"ListItem","position":2,"name":"Confirmadas las fechas de pre temporada del MotoGP"}]},{"@type":"WebSite","@id":"https:\/\/circuitodejerez.com\/#website","url":"https:\/\/circuitodejerez.com\/","name":"Circuito de Jerez \u00c1ngel Nieto","description":"Circuito de Jerez \u00c1ngel Nieto","publisher":{"@id":"https:\/\/circuitodejerez.com\/#organization"},"potentialAction":[{"@type":"SearchAction","target":{"@type":"EntryPoint","urlTemplate":"https:\/\/circuitodejerez.com\/?s={search_term_string}"},"query-input":"required name=search_term_string"}],"inLanguage":"en-GB"},{"@type":"Organization","@id":"https:\/\/circuitodejerez.com\/#organization","name":"Circuito de Jerez \u00c1ngel Nieto","url":"https:\/\/circuitodejerez.com\/","logo":{"@type":"ImageObject","inLanguage":"en-GB","@id":"https:\/\/circuitodejerez.com\/#\/schema\/logo\/image\/","url":"https:\/\/circuitodejerez.com\/wp-content\/uploads\/2023\/06\/logo-circuito-jerez.png","contentUrl":"https:\/\/circuitodejerez.com\/wp-content\/uploads\/2023\/06\/logo-circuito-jerez.png","width":556,"height":142,"caption":"Circuito de Jerez \u00c1ngel Nieto"},"image":{"@id":"https:\/\/circuitodejerez.com\/#\/schema\/logo\/image\/"},"sameAs":["https:\/\/www.facebook.com\/circuitodejerezangelnieto\/","https:\/\/x.com\/circuitodejerez","https:\/\/www.instagram.com\/circuito_de_jerez\/?hl=es","https:\/\/www.youtube.com\/user\/cirjesa"]},{"@type":"Person","@id":"https:\/\/circuitodejerez.com\/#\/schema\/person\/7426c66afad35f522814eb06fb2e213a","name":"publyland","sameAs":["https:\/\/circuitoangelnieto.com"],"url":"https:\/\/circuitodejerez.com\/en\/author\/publyland\/"}]}},"_links":{"self":[{"href":"https:\/\/circuitodejerez.com\/en\/wp-json\/wp\/v2\/posts\/39893","targetHints":{"allow":["GET"]}}],"collection":[{"href":"https:\/\/circuitodejerez.com\/en\/wp-json\/wp\/v2\/posts"}],"about":[{"href":"https:\/\/circuitodejerez.com\/en\/wp-json\/wp\/v2\/types\/post"}],"author":[{"embeddable":true,"href":"https:\/\/circuitodejerez.com\/en\/wp-json\/wp\/v2\/users\/1"}],"replies":[{"embeddable":true,"href":"https:\/\/circuitodejerez.com\/en\/wp-json\/wp\/v2\/comments?post=39893"}],"version-history":[{"count":2,"href":"https:\/\/circuitodejerez.com\/en\/wp-json\/wp\/v2\/posts\/39893\/revisions"}],"predecessor-version":[{"id":39896,"href":"https:\/\/circuitodejerez.com\/en\/wp-json\/wp\/v2\/posts\/39893\/revisions\/39896"}],"wp:featuredmedia":[{"embeddable":true,"href":"https:\/\/circuitodejerez.com\/en\/wp-json\/wp\/v2\/media\/39894"}],"wp:attachment":[{"href":"https:\/\/circuitodejerez.com\/en\/wp-json\/wp\/v2\/media?parent=39893"}],"wp:term":[{"taxonomy":"category","embeddable":true,"href":"https:\/\/circuitodejerez.com\/en\/wp-json\/wp\/v2\/categories?post=39893"},{"taxonomy":"post_tag","embeddable":true,"href":"https:\/\/circuitodejerez.com\/en\/wp-json\/wp\/v2\/tags?post=39893"}],"curies":[{"name":"wp","href":"https:\/\/api.w.org\/{rel}","templated":true}]}}